{"id":7430,"date":"2021-07-29T12:52:13","date_gmt":"2021-07-29T10:52:13","guid":{"rendered":"https:\/\/gtl-landschaftsarchitektur.de\/?p=7430"},"modified":"2021-07-29T12:53:54","modified_gmt":"2021-07-29T10:53:54","slug":"07-2021-project","status":"publish","type":"post","link":"https:\/\/gtl-landschaftsarchitektur.de\/en\/07-2021-project\/","title":{"rendered":"07 | 2021 PROJECT"},"content":{"rendered":"<p><strong>Frankfurter Stra\u00dfe Kassel<\/strong> <\/p>\n<h4>Update<\/h4>\n<p>&#8220;Frankfurter Stra\u00dfe in Kassel becomes an avenue again&#8221; (HNA).<\/p>\n<p>Today, nothing reminds of the former avenue and greening of Frankfurter Stra\u00dfe. This will change in the next few years due to the funding program &#8220;Future Urban Green&#8221;. Frankfurter Stra\u00dfe will be planted with a three-digit number of trees along the entire stretch between the city center and the Niederzwehren freeway access road, a total of 5.3 kilometers. Concept planning for the entire area has already been completed, with two sections of Frankfurter Strasse considered in more detail (Park Sch\u00f6nfeld to House No. 24). The next step is to implement tree planting in this section.<\/p>\n<p>\u00a9 GTL<\/p>\n","protected":false},"excerpt":{"rendered":"<p>Frankfurter Stra\u00dfe Kassel Update &#8220;Frankfurter Stra\u00dfe in Kassel becomes an avenue again&#8221; (HNA). Today, nothing reminds of the former avenue [&hellip;]<\/p>\n","protected":false},"author":1,"featured_media":7432,"comment_status":"closed","ping_status":"closed","sticky":false,"template":"","format":"standard","meta":{"footnotes":""},"categories":[6],"tags":[],"class_list":["post-7430","post","type-post","status-publish","format-standard","has-post-thumbnail","hentry","category-news"],"yoast_head":"<!-- This site is optimized with the Yoast SEO plugin v27.5 - https:\/\/yoast.com\/product\/yoast-seo-wordpress\/ -->\n<title>07 | 2021 PROJECT - GTL Landschaftsarchitektur Triebswetter, Mauer, Bruns Partner mbB<\/title>\n<meta name=\"robots\" content=\"index, follow, max-snippet:-1, max-image-preview:large, max-video-preview:-1\" \/>\n<link rel=\"canonical\" href=\"https:\/\/gtl-landschaftsarchitektur.de\/en\/07-2021-project\/\" \/>\n<meta property=\"og:locale\" content=\"en_US\" \/>\n<meta property=\"og:type\" content=\"article\" \/>\n<meta property=\"og:title\" content=\"07 | 2021 PROJECT - GTL Landschaftsarchitektur Triebswetter, Mauer, Bruns Partner mbB\" \/>\n<meta property=\"og:description\" content=\"Frankfurter Stra\u00dfe Kassel Update &#8220;Frankfurter Stra\u00dfe in Kassel becomes an avenue again&#8221; (HNA). Today, nothing reminds of the former avenue [&hellip;]\" \/>\n<meta property=\"og:url\" content=\"https:\/\/gtl-landschaftsarchitektur.de\/en\/07-2021-project\/\" \/>\n<meta property=\"og:site_name\" content=\"GTL Landschaftsarchitektur Triebswetter, Mauer, Bruns Partner mbB\" \/>\n<meta property=\"article:published_time\" content=\"2021-07-29T10:52:13+00:00\" \/>\n<meta property=\"article:modified_time\" content=\"2021-07-29T10:53:54+00:00\" \/>\n<meta property=\"og:image\" content=\"https:\/\/gtl-landschaftsarchitektur.de\/wp-content\/uploads\/2021\/07\/look-210118_FrankfurterStrasse_Montage.jpg\" \/>\n\t<meta property=\"og:image:width\" content=\"1500\" \/>\n\t<meta property=\"og:image:height\" content=\"1000\" \/>\n\t<meta property=\"og:image:type\" content=\"image\/jpeg\" \/>\n<meta name=\"author\" content=\"work@gtl\" \/>\n<meta name=\"twitter:card\" content=\"summary_large_image\" \/>\n<meta name=\"twitter:label1\" content=\"Written by\" \/>\n\t<meta name=\"twitter:data1\" content=\"work@gtl\" \/>\n\t<meta name=\"twitter:label2\" content=\"Est. reading time\" \/>\n\t<meta name=\"twitter:data2\" content=\"1 minute\" \/>\n<script type=\"application\/ld+json\" class=\"yoast-schema-graph\">{\"@context\":\"https:\\\/\\\/schema.org\",\"@graph\":[{\"@type\":\"Article\",\"@id\":\"https:\\\/\\\/gtl-landschaftsarchitektur.de\\\/en\\\/07-2021-project\\\/#article\",\"isPartOf\":{\"@id\":\"https:\\\/\\\/gtl-landschaftsarchitektur.de\\\/en\\\/07-2021-project\\\/\"},\"author\":{\"name\":\"work@gtl\",\"@id\":\"https:\\\/\\\/gtl-landschaftsarchitektur.de\\\/#\\\/schema\\\/person\\\/046734e275947684d1c0c2f30305c8d0\"},\"headline\":\"07 | 2021 PROJECT\",\"datePublished\":\"2021-07-29T10:52:13+00:00\",\"dateModified\":\"2021-07-29T10:53:54+00:00\",\"mainEntityOfPage\":{\"@id\":\"https:\\\/\\\/gtl-landschaftsarchitektur.de\\\/en\\\/07-2021-project\\\/\"},\"wordCount\":113,\"publisher\":{\"@id\":\"https:\\\/\\\/gtl-landschaftsarchitektur.de\\\/#organization\"},\"image\":{\"@id\":\"https:\\\/\\\/gtl-landschaftsarchitektur.de\\\/en\\\/07-2021-project\\\/#primaryimage\"},\"thumbnailUrl\":\"https:\\\/\\\/gtl-landschaftsarchitektur.de\\\/wp-content\\\/uploads\\\/2021\\\/07\\\/look-210118_FrankfurterStrasse_Montage.jpg\",\"articleSection\":[\"news\"],\"inLanguage\":\"en-US\"},{\"@type\":\"WebPage\",\"@id\":\"https:\\\/\\\/gtl-landschaftsarchitektur.de\\\/en\\\/07-2021-project\\\/\",\"url\":\"https:\\\/\\\/gtl-landschaftsarchitektur.de\\\/en\\\/07-2021-project\\\/\",\"name\":\"07 | 2021 PROJECT - GTL Landschaftsarchitektur Triebswetter, Mauer, Bruns Partner mbB\",\"isPartOf\":{\"@id\":\"https:\\\/\\\/gtl-landschaftsarchitektur.de\\\/#website\"},\"primaryImageOfPage\":{\"@id\":\"https:\\\/\\\/gtl-landschaftsarchitektur.de\\\/en\\\/07-2021-project\\\/#primaryimage\"},\"image\":{\"@id\":\"https:\\\/\\\/gtl-landschaftsarchitektur.de\\\/en\\\/07-2021-project\\\/#primaryimage\"},\"thumbnailUrl\":\"https:\\\/\\\/gtl-landschaftsarchitektur.de\\\/wp-content\\\/uploads\\\/2021\\\/07\\\/look-210118_FrankfurterStrasse_Montage.jpg\",\"datePublished\":\"2021-07-29T10:52:13+00:00\",\"dateModified\":\"2021-07-29T10:53:54+00:00\",\"breadcrumb\":{\"@id\":\"https:\\\/\\\/gtl-landschaftsarchitektur.de\\\/en\\\/07-2021-project\\\/#breadcrumb\"},\"inLanguage\":\"en-US\",\"potentialAction\":[{\"@type\":\"ReadAction\",\"target\":[\"https:\\\/\\\/gtl-landschaftsarchitektur.de\\\/en\\\/07-2021-project\\\/\"]}]},{\"@type\":\"ImageObject\",\"inLanguage\":\"en-US\",\"@id\":\"https:\\\/\\\/gtl-landschaftsarchitektur.de\\\/en\\\/07-2021-project\\\/#primaryimage\",\"url\":\"https:\\\/\\\/gtl-landschaftsarchitektur.de\\\/wp-content\\\/uploads\\\/2021\\\/07\\\/look-210118_FrankfurterStrasse_Montage.jpg\",\"contentUrl\":\"https:\\\/\\\/gtl-landschaftsarchitektur.de\\\/wp-content\\\/uploads\\\/2021\\\/07\\\/look-210118_FrankfurterStrasse_Montage.jpg\",\"width\":1500,\"height\":1000},{\"@type\":\"BreadcrumbList\",\"@id\":\"https:\\\/\\\/gtl-landschaftsarchitektur.de\\\/en\\\/07-2021-project\\\/#breadcrumb\",\"itemListElement\":[{\"@type\":\"ListItem\",\"position\":1,\"name\":\"Startseite\",\"item\":\"https:\\\/\\\/gtl-landschaftsarchitektur.de\\\/en\\\/\"},{\"@type\":\"ListItem\",\"position\":2,\"name\":\"07 | 2021 PROJECT\"}]},{\"@type\":\"WebSite\",\"@id\":\"https:\\\/\\\/gtl-landschaftsarchitektur.de\\\/#website\",\"url\":\"https:\\\/\\\/gtl-landschaftsarchitektur.de\\\/\",\"name\":\"GTL-Michael Triebswetter\",\"description\":\"St\u00e4dtebauliche Planung, repr\u00e4sentative Au\u00dfenanlagen an Verwaltungsbauten, Wohnumfeldverbesserung in Gro\u00dfsiedlungen, Gestaltung von innerst\u00e4dtischen Projekten\",\"publisher\":{\"@id\":\"https:\\\/\\\/gtl-landschaftsarchitektur.de\\\/#organization\"},\"potentialAction\":[{\"@type\":\"SearchAction\",\"target\":{\"@type\":\"EntryPoint\",\"urlTemplate\":\"https:\\\/\\\/gtl-landschaftsarchitektur.de\\\/?s={search_term_string}\"},\"query-input\":{\"@type\":\"PropertyValueSpecification\",\"valueRequired\":true,\"valueName\":\"search_term_string\"}}],\"inLanguage\":\"en-US\"},{\"@type\":\"Organization\",\"@id\":\"https:\\\/\\\/gtl-landschaftsarchitektur.de\\\/#organization\",\"name\":\"Gtl Landschaftsarchitektur\",\"url\":\"https:\\\/\\\/gtl-landschaftsarchitektur.de\\\/\",\"logo\":{\"@type\":\"ImageObject\",\"inLanguage\":\"en-US\",\"@id\":\"https:\\\/\\\/gtl-landschaftsarchitektur.de\\\/#\\\/schema\\\/logo\\\/image\\\/\",\"url\":\"https:\\\/\\\/gtl-landschaftsarchitektur.de\\\/wp-content\\\/uploads\\\/2017\\\/09\\\/logo-gtl.png\",\"contentUrl\":\"https:\\\/\\\/gtl-landschaftsarchitektur.de\\\/wp-content\\\/uploads\\\/2017\\\/09\\\/logo-gtl.png\",\"width\":185,\"height\":119,\"caption\":\"Gtl Landschaftsarchitektur\"},\"image\":{\"@id\":\"https:\\\/\\\/gtl-landschaftsarchitektur.de\\\/#\\\/schema\\\/logo\\\/image\\\/\"}},{\"@type\":\"Person\",\"@id\":\"https:\\\/\\\/gtl-landschaftsarchitektur.de\\\/#\\\/schema\\\/person\\\/046734e275947684d1c0c2f30305c8d0\",\"name\":\"work@gtl\",\"image\":{\"@type\":\"ImageObject\",\"inLanguage\":\"en-US\",\"@id\":\"https:\\\/\\\/secure.gravatar.com\\\/avatar\\\/3321cccf1e339472f65983e7aa1eb9f752fd1ceb329a6543aa26e31e0fa2d8d8?s=96&d=mm&r=g\",\"url\":\"https:\\\/\\\/secure.gravatar.com\\\/avatar\\\/3321cccf1e339472f65983e7aa1eb9f752fd1ceb329a6543aa26e31e0fa2d8d8?s=96&d=mm&r=g\",\"contentUrl\":\"https:\\\/\\\/secure.gravatar.com\\\/avatar\\\/3321cccf1e339472f65983e7aa1eb9f752fd1ceb329a6543aa26e31e0fa2d8d8?s=96&d=mm&r=g\",\"caption\":\"work@gtl\"},\"url\":\"https:\\\/\\\/gtl-landschaftsarchitektur.de\\\/en\\\/author\\\/workgtl\\\/\"}]}<\/script>\n<!-- \/ Yoast SEO plugin. -->","yoast_head_json":{"title":"07 | 2021 PROJECT - GTL Landschaftsarchitektur Triebswetter, Mauer, Bruns Partner mbB","robots":{"index":"index","follow":"follow","max-snippet":"max-snippet:-1","max-image-preview":"max-image-preview:large","max-video-preview":"max-video-preview:-1"},"canonical":"https:\/\/gtl-landschaftsarchitektur.de\/en\/07-2021-project\/","og_locale":"en_US","og_type":"article","og_title":"07 | 2021 PROJECT - GTL Landschaftsarchitektur Triebswetter, Mauer, Bruns Partner mbB","og_description":"Frankfurter Stra\u00dfe Kassel Update &#8220;Frankfurter Stra\u00dfe in Kassel becomes an avenue again&#8221; (HNA). Today, nothing reminds of the former avenue [&hellip;]","og_url":"https:\/\/gtl-landschaftsarchitektur.de\/en\/07-2021-project\/","og_site_name":"GTL Landschaftsarchitektur Triebswetter, Mauer, Bruns Partner mbB","article_published_time":"2021-07-29T10:52:13+00:00","article_modified_time":"2021-07-29T10:53:54+00:00","og_image":[{"width":1500,"height":1000,"url":"https:\/\/gtl-landschaftsarchitektur.de\/wp-content\/uploads\/2021\/07\/look-210118_FrankfurterStrasse_Montage.jpg","type":"image\/jpeg"}],"author":"work@gtl","twitter_card":"summary_large_image","twitter_misc":{"Written by":"work@gtl","Est. reading time":"1 minute"},"schema":{"@context":"https:\/\/schema.org","@graph":[{"@type":"Article","@id":"https:\/\/gtl-landschaftsarchitektur.de\/en\/07-2021-project\/#article","isPartOf":{"@id":"https:\/\/gtl-landschaftsarchitektur.de\/en\/07-2021-project\/"},"author":{"name":"work@gtl","@id":"https:\/\/gtl-landschaftsarchitektur.de\/#\/schema\/person\/046734e275947684d1c0c2f30305c8d0"},"headline":"07 | 2021 PROJECT","datePublished":"2021-07-29T10:52:13+00:00","dateModified":"2021-07-29T10:53:54+00:00","mainEntityOfPage":{"@id":"https:\/\/gtl-landschaftsarchitektur.de\/en\/07-2021-project\/"},"wordCount":113,"publisher":{"@id":"https:\/\/gtl-landschaftsarchitektur.de\/#organization"},"image":{"@id":"https:\/\/gtl-landschaftsarchitektur.de\/en\/07-2021-project\/#primaryimage"},"thumbnailUrl":"https:\/\/gtl-landschaftsarchitektur.de\/wp-content\/uploads\/2021\/07\/look-210118_FrankfurterStrasse_Montage.jpg","articleSection":["news"],"inLanguage":"en-US"},{"@type":"WebPage","@id":"https:\/\/gtl-landschaftsarchitektur.de\/en\/07-2021-project\/","url":"https:\/\/gtl-landschaftsarchitektur.de\/en\/07-2021-project\/","name":"07 | 2021 PROJECT - GTL Landschaftsarchitektur Triebswetter, Mauer, Bruns Partner mbB","isPartOf":{"@id":"https:\/\/gtl-landschaftsarchitektur.de\/#website"},"primaryImageOfPage":{"@id":"https:\/\/gtl-landschaftsarchitektur.de\/en\/07-2021-project\/#primaryimage"},"image":{"@id":"https:\/\/gtl-landschaftsarchitektur.de\/en\/07-2021-project\/#primaryimage"},"thumbnailUrl":"https:\/\/gtl-landschaftsarchitektur.de\/wp-content\/uploads\/2021\/07\/look-210118_FrankfurterStrasse_Montage.jpg","datePublished":"2021-07-29T10:52:13+00:00","dateModified":"2021-07-29T10:53:54+00:00","breadcrumb":{"@id":"https:\/\/gtl-landschaftsarchitektur.de\/en\/07-2021-project\/#breadcrumb"},"inLanguage":"en-US","potentialAction":[{"@type":"ReadAction","target":["https:\/\/gtl-landschaftsarchitektur.de\/en\/07-2021-project\/"]}]},{"@type":"ImageObject","inLanguage":"en-US","@id":"https:\/\/gtl-landschaftsarchitektur.de\/en\/07-2021-project\/#primaryimage","url":"https:\/\/gtl-landschaftsarchitektur.de\/wp-content\/uploads\/2021\/07\/look-210118_FrankfurterStrasse_Montage.jpg","contentUrl":"https:\/\/gtl-landschaftsarchitektur.de\/wp-content\/uploads\/2021\/07\/look-210118_FrankfurterStrasse_Montage.jpg","width":1500,"height":1000},{"@type":"BreadcrumbList","@id":"https:\/\/gtl-landschaftsarchitektur.de\/en\/07-2021-project\/#breadcrumb","itemListElement":[{"@type":"ListItem","position":1,"name":"Startseite","item":"https:\/\/gtl-landschaftsarchitektur.de\/en\/"},{"@type":"ListItem","position":2,"name":"07 | 2021 PROJECT"}]},{"@type":"WebSite","@id":"https:\/\/gtl-landschaftsarchitektur.de\/#website","url":"https:\/\/gtl-landschaftsarchitektur.de\/","name":"GTL-Michael Triebswetter","description":"St\u00e4dtebauliche Planung, repr\u00e4sentative Au\u00dfenanlagen an Verwaltungsbauten, Wohnumfeldverbesserung in Gro\u00dfsiedlungen, Gestaltung von innerst\u00e4dtischen Projekten","publisher":{"@id":"https:\/\/gtl-landschaftsarchitektur.de\/#organization"},"potentialAction":[{"@type":"SearchAction","target":{"@type":"EntryPoint","urlTemplate":"https:\/\/gtl-landschaftsarchitektur.de\/?s={search_term_string}"},"query-input":{"@type":"PropertyValueSpecification","valueRequired":true,"valueName":"search_term_string"}}],"inLanguage":"en-US"},{"@type":"Organization","@id":"https:\/\/gtl-landschaftsarchitektur.de\/#organization","name":"Gtl Landschaftsarchitektur","url":"https:\/\/gtl-landschaftsarchitektur.de\/","logo":{"@type":"ImageObject","inLanguage":"en-US","@id":"https:\/\/gtl-landschaftsarchitektur.de\/#\/schema\/logo\/image\/","url":"https:\/\/gtl-landschaftsarchitektur.de\/wp-content\/uploads\/2017\/09\/logo-gtl.png","contentUrl":"https:\/\/gtl-landschaftsarchitektur.de\/wp-content\/uploads\/2017\/09\/logo-gtl.png","width":185,"height":119,"caption":"Gtl Landschaftsarchitektur"},"image":{"@id":"https:\/\/gtl-landschaftsarchitektur.de\/#\/schema\/logo\/image\/"}},{"@type":"Person","@id":"https:\/\/gtl-landschaftsarchitektur.de\/#\/schema\/person\/046734e275947684d1c0c2f30305c8d0","name":"work@gtl","image":{"@type":"ImageObject","inLanguage":"en-US","@id":"https:\/\/secure.gravatar.com\/avatar\/3321cccf1e339472f65983e7aa1eb9f752fd1ceb329a6543aa26e31e0fa2d8d8?s=96&d=mm&r=g","url":"https:\/\/secure.gravatar.com\/avatar\/3321cccf1e339472f65983e7aa1eb9f752fd1ceb329a6543aa26e31e0fa2d8d8?s=96&d=mm&r=g","contentUrl":"https:\/\/secure.gravatar.com\/avatar\/3321cccf1e339472f65983e7aa1eb9f752fd1ceb329a6543aa26e31e0fa2d8d8?s=96&d=mm&r=g","caption":"work@gtl"},"url":"https:\/\/gtl-landschaftsarchitektur.de\/en\/author\/workgtl\/"}]}},"_links":{"self":[{"href":"https:\/\/gtl-landschaftsarchitektur.de\/en\/wp-json\/wp\/v2\/posts\/7430","targetHints":{"allow":["GET"]}}],"collection":[{"href":"https:\/\/gtl-landschaftsarchitektur.de\/en\/wp-json\/wp\/v2\/posts"}],"about":[{"href":"https:\/\/gtl-landschaftsarchitektur.de\/en\/wp-json\/wp\/v2\/types\/post"}],"author":[{"embeddable":true,"href":"https:\/\/gtl-landschaftsarchitektur.de\/en\/wp-json\/wp\/v2\/users\/1"}],"replies":[{"embeddable":true,"href":"https:\/\/gtl-landschaftsarchitektur.de\/en\/wp-json\/wp\/v2\/comments?post=7430"}],"version-history":[{"count":0,"href":"https:\/\/gtl-landschaftsarchitektur.de\/en\/wp-json\/wp\/v2\/posts\/7430\/revisions"}],"wp:featuredmedia":[{"embeddable":true,"href":"https:\/\/gtl-landschaftsarchitektur.de\/en\/wp-json\/wp\/v2\/media\/7432"}],"wp:attachment":[{"href":"https:\/\/gtl-landschaftsarchitektur.de\/en\/wp-json\/wp\/v2\/media?parent=7430"}],"wp:term":[{"taxonomy":"category","embeddable":true,"href":"https:\/\/gtl-landschaftsarchitektur.de\/en\/wp-json\/wp\/v2\/categories?post=7430"},{"taxonomy":"post_tag","embeddable":true,"href":"https:\/\/gtl-landschaftsarchitektur.de\/en\/wp-json\/wp\/v2\/tags?post=7430"}],"curies":[{"name":"wp","href":"https:\/\/api.w.org\/{rel}","templated":true}]}}