{"id":11047,"date":"2023-09-18T15:10:16","date_gmt":"2023-09-18T13:10:16","guid":{"rendered":"https:\/\/gtl-landschaftsarchitektur.de\/?p=11047"},"modified":"2023-09-19T16:38:46","modified_gmt":"2023-09-19T14:38:46","slug":"09-2023-competition","status":"publish","type":"post","link":"https:\/\/gtl-landschaftsarchitektur.de\/en\/09-2023-competition\/","title":{"rendered":"09 | 2023 COMPETITION"},"content":{"rendered":"<p><strong>Lindgens Site | Cologne<\/strong><\/p>\n<h4>2. Prize<\/h4>\n<p>The open space planning design for the Lindgren area creates a balanced equilibrium between the urban, stone square and the greened pocket park, whereby the creation of a high quality of stay and the interconnection with the neighbouring urban and green spaces are in the foreground. With a design language that refers to historical, industrial architecture, old structures are used as models in the new square design. The combination of wall panels and furnishing elements creates exciting views that play with themes such as transparency and demarcation or foreground and background, changing the perception of the square depending on the point of view.<\/p>\n<p>\u00a9GTL<\/p>\n<p><a href=\"https:\/\/gtl-landschaftsarchitektur.de\/en\/lindgens-areal-cologne\/\">Read more<\/a><\/p>\n<p>&nbsp;<\/p>\n","protected":false},"excerpt":{"rendered":"<p>Lindgens Site | Cologne 2. Prize The open space planning design for the Lindgren area creates a balanced equilibrium between [&hellip;]<\/p>\n","protected":false},"author":5,"featured_media":11049,"comment_status":"closed","ping_status":"closed","sticky":false,"template":"","format":"standard","meta":{"footnotes":""},"categories":[6],"tags":[],"class_list":["post-11047","post","type-post","status-publish","format-standard","has-post-thumbnail","hentry","category-news"],"yoast_head":"<!-- This site is optimized with the Yoast SEO plugin v27.4 - https:\/\/yoast.com\/product\/yoast-seo-wordpress\/ -->\n<title>09 | 2023 COMPETITION - GTL Landschaftsarchitektur Triebswetter, Mauer, Bruns Partner mbB<\/title>\n<meta name=\"robots\" content=\"index, follow, max-snippet:-1, max-image-preview:large, max-video-preview:-1\" \/>\n<link rel=\"canonical\" href=\"https:\/\/gtl-landschaftsarchitektur.de\/en\/09-2023-competition\/\" \/>\n<meta property=\"og:locale\" content=\"en_US\" \/>\n<meta property=\"og:type\" content=\"article\" \/>\n<meta property=\"og:title\" content=\"09 | 2023 COMPETITION - GTL Landschaftsarchitektur Triebswetter, Mauer, Bruns Partner mbB\" \/>\n<meta property=\"og:description\" content=\"Lindgens Site | Cologne 2. Prize The open space planning design for the Lindgren area creates a balanced equilibrium between [&hellip;]\" \/>\n<meta property=\"og:url\" content=\"https:\/\/gtl-landschaftsarchitektur.de\/en\/09-2023-competition\/\" \/>\n<meta property=\"og:site_name\" content=\"GTL Landschaftsarchitektur Triebswetter, Mauer, Bruns Partner mbB\" \/>\n<meta property=\"article:published_time\" content=\"2023-09-18T13:10:16+00:00\" \/>\n<meta property=\"article:modified_time\" content=\"2023-09-19T14:38:46+00:00\" \/>\n<meta property=\"og:image\" content=\"https:\/\/gtl-landschaftsarchitektur.de\/wp-content\/uploads\/2023\/09\/20230915-Bildschirmfoto-2023-09-05-um-10.43.jpg\" \/>\n\t<meta property=\"og:image:width\" content=\"1500\" \/>\n\t<meta property=\"og:image:height\" content=\"1174\" \/>\n\t<meta property=\"og:image:type\" content=\"image\/jpeg\" \/>\n<meta name=\"author\" content=\"Sabine.Gruber\" \/>\n<meta name=\"twitter:card\" content=\"summary_large_image\" \/>\n<meta name=\"twitter:label1\" content=\"Written by\" \/>\n\t<meta name=\"twitter:data1\" content=\"Sabine.Gruber\" \/>\n\t<meta name=\"twitter:label2\" content=\"Est. reading time\" \/>\n\t<meta name=\"twitter:data2\" content=\"1 minute\" \/>\n<script type=\"application\/ld+json\" class=\"yoast-schema-graph\">{\"@context\":\"https:\\\/\\\/schema.org\",\"@graph\":[{\"@type\":\"Article\",\"@id\":\"https:\\\/\\\/gtl-landschaftsarchitektur.de\\\/en\\\/09-2023-competition\\\/#article\",\"isPartOf\":{\"@id\":\"https:\\\/\\\/gtl-landschaftsarchitektur.de\\\/en\\\/09-2023-competition\\\/\"},\"author\":{\"name\":\"Sabine.Gruber\",\"@id\":\"https:\\\/\\\/gtl-landschaftsarchitektur.de\\\/#\\\/schema\\\/person\\\/7395f091e8a392c1ecf75778ac54394a\"},\"headline\":\"09 | 2023 COMPETITION\",\"datePublished\":\"2023-09-18T13:10:16+00:00\",\"dateModified\":\"2023-09-19T14:38:46+00:00\",\"mainEntityOfPage\":{\"@id\":\"https:\\\/\\\/gtl-landschaftsarchitektur.de\\\/en\\\/09-2023-competition\\\/\"},\"wordCount\":112,\"publisher\":{\"@id\":\"https:\\\/\\\/gtl-landschaftsarchitektur.de\\\/#organization\"},\"image\":{\"@id\":\"https:\\\/\\\/gtl-landschaftsarchitektur.de\\\/en\\\/09-2023-competition\\\/#primaryimage\"},\"thumbnailUrl\":\"https:\\\/\\\/gtl-landschaftsarchitektur.de\\\/wp-content\\\/uploads\\\/2023\\\/09\\\/20230915-Bildschirmfoto-2023-09-05-um-10.43.jpg\",\"articleSection\":[\"news\"],\"inLanguage\":\"en-US\"},{\"@type\":\"WebPage\",\"@id\":\"https:\\\/\\\/gtl-landschaftsarchitektur.de\\\/en\\\/09-2023-competition\\\/\",\"url\":\"https:\\\/\\\/gtl-landschaftsarchitektur.de\\\/en\\\/09-2023-competition\\\/\",\"name\":\"09 | 2023 COMPETITION - GTL Landschaftsarchitektur Triebswetter, Mauer, Bruns Partner mbB\",\"isPartOf\":{\"@id\":\"https:\\\/\\\/gtl-landschaftsarchitektur.de\\\/#website\"},\"primaryImageOfPage\":{\"@id\":\"https:\\\/\\\/gtl-landschaftsarchitektur.de\\\/en\\\/09-2023-competition\\\/#primaryimage\"},\"image\":{\"@id\":\"https:\\\/\\\/gtl-landschaftsarchitektur.de\\\/en\\\/09-2023-competition\\\/#primaryimage\"},\"thumbnailUrl\":\"https:\\\/\\\/gtl-landschaftsarchitektur.de\\\/wp-content\\\/uploads\\\/2023\\\/09\\\/20230915-Bildschirmfoto-2023-09-05-um-10.43.jpg\",\"datePublished\":\"2023-09-18T13:10:16+00:00\",\"dateModified\":\"2023-09-19T14:38:46+00:00\",\"breadcrumb\":{\"@id\":\"https:\\\/\\\/gtl-landschaftsarchitektur.de\\\/en\\\/09-2023-competition\\\/#breadcrumb\"},\"inLanguage\":\"en-US\",\"potentialAction\":[{\"@type\":\"ReadAction\",\"target\":[\"https:\\\/\\\/gtl-landschaftsarchitektur.de\\\/en\\\/09-2023-competition\\\/\"]}]},{\"@type\":\"ImageObject\",\"inLanguage\":\"en-US\",\"@id\":\"https:\\\/\\\/gtl-landschaftsarchitektur.de\\\/en\\\/09-2023-competition\\\/#primaryimage\",\"url\":\"https:\\\/\\\/gtl-landschaftsarchitektur.de\\\/wp-content\\\/uploads\\\/2023\\\/09\\\/20230915-Bildschirmfoto-2023-09-05-um-10.43.jpg\",\"contentUrl\":\"https:\\\/\\\/gtl-landschaftsarchitektur.de\\\/wp-content\\\/uploads\\\/2023\\\/09\\\/20230915-Bildschirmfoto-2023-09-05-um-10.43.jpg\",\"width\":1500,\"height\":1174,\"caption\":\"\u00a9GTL\"},{\"@type\":\"BreadcrumbList\",\"@id\":\"https:\\\/\\\/gtl-landschaftsarchitektur.de\\\/en\\\/09-2023-competition\\\/#breadcrumb\",\"itemListElement\":[{\"@type\":\"ListItem\",\"position\":1,\"name\":\"Startseite\",\"item\":\"https:\\\/\\\/gtl-landschaftsarchitektur.de\\\/en\\\/\"},{\"@type\":\"ListItem\",\"position\":2,\"name\":\"09 | 2023 COMPETITION\"}]},{\"@type\":\"WebSite\",\"@id\":\"https:\\\/\\\/gtl-landschaftsarchitektur.de\\\/#website\",\"url\":\"https:\\\/\\\/gtl-landschaftsarchitektur.de\\\/\",\"name\":\"GTL-Michael Triebswetter\",\"description\":\"St\u00e4dtebauliche Planung, repr\u00e4sentative Au\u00dfenanlagen an Verwaltungsbauten, Wohnumfeldverbesserung in Gro\u00dfsiedlungen, Gestaltung von innerst\u00e4dtischen Projekten\",\"publisher\":{\"@id\":\"https:\\\/\\\/gtl-landschaftsarchitektur.de\\\/#organization\"},\"potentialAction\":[{\"@type\":\"SearchAction\",\"target\":{\"@type\":\"EntryPoint\",\"urlTemplate\":\"https:\\\/\\\/gtl-landschaftsarchitektur.de\\\/?s={search_term_string}\"},\"query-input\":{\"@type\":\"PropertyValueSpecification\",\"valueRequired\":true,\"valueName\":\"search_term_string\"}}],\"inLanguage\":\"en-US\"},{\"@type\":\"Organization\",\"@id\":\"https:\\\/\\\/gtl-landschaftsarchitektur.de\\\/#organization\",\"name\":\"Gtl Landschaftsarchitektur\",\"url\":\"https:\\\/\\\/gtl-landschaftsarchitektur.de\\\/\",\"logo\":{\"@type\":\"ImageObject\",\"inLanguage\":\"en-US\",\"@id\":\"https:\\\/\\\/gtl-landschaftsarchitektur.de\\\/#\\\/schema\\\/logo\\\/image\\\/\",\"url\":\"https:\\\/\\\/gtl-landschaftsarchitektur.de\\\/wp-content\\\/uploads\\\/2017\\\/09\\\/logo-gtl.png\",\"contentUrl\":\"https:\\\/\\\/gtl-landschaftsarchitektur.de\\\/wp-content\\\/uploads\\\/2017\\\/09\\\/logo-gtl.png\",\"width\":185,\"height\":119,\"caption\":\"Gtl Landschaftsarchitektur\"},\"image\":{\"@id\":\"https:\\\/\\\/gtl-landschaftsarchitektur.de\\\/#\\\/schema\\\/logo\\\/image\\\/\"}},{\"@type\":\"Person\",\"@id\":\"https:\\\/\\\/gtl-landschaftsarchitektur.de\\\/#\\\/schema\\\/person\\\/7395f091e8a392c1ecf75778ac54394a\",\"name\":\"Sabine.Gruber\",\"image\":{\"@type\":\"ImageObject\",\"inLanguage\":\"en-US\",\"@id\":\"https:\\\/\\\/secure.gravatar.com\\\/avatar\\\/91b1e03a99834e34d4d9a64b6fff63240af79b7fa1af4d69e02d02df325dd826?s=96&d=mm&r=g\",\"url\":\"https:\\\/\\\/secure.gravatar.com\\\/avatar\\\/91b1e03a99834e34d4d9a64b6fff63240af79b7fa1af4d69e02d02df325dd826?s=96&d=mm&r=g\",\"contentUrl\":\"https:\\\/\\\/secure.gravatar.com\\\/avatar\\\/91b1e03a99834e34d4d9a64b6fff63240af79b7fa1af4d69e02d02df325dd826?s=96&d=mm&r=g\",\"caption\":\"Sabine.Gruber\"},\"url\":\"https:\\\/\\\/gtl-landschaftsarchitektur.de\\\/en\\\/author\\\/sabine-gruber\\\/\"}]}<\/script>\n<!-- \/ Yoast SEO plugin. -->","yoast_head_json":{"title":"09 | 2023 COMPETITION - GTL Landschaftsarchitektur Triebswetter, Mauer, Bruns Partner mbB","robots":{"index":"index","follow":"follow","max-snippet":"max-snippet:-1","max-image-preview":"max-image-preview:large","max-video-preview":"max-video-preview:-1"},"canonical":"https:\/\/gtl-landschaftsarchitektur.de\/en\/09-2023-competition\/","og_locale":"en_US","og_type":"article","og_title":"09 | 2023 COMPETITION - GTL Landschaftsarchitektur Triebswetter, Mauer, Bruns Partner mbB","og_description":"Lindgens Site | Cologne 2. Prize The open space planning design for the Lindgren area creates a balanced equilibrium between [&hellip;]","og_url":"https:\/\/gtl-landschaftsarchitektur.de\/en\/09-2023-competition\/","og_site_name":"GTL Landschaftsarchitektur Triebswetter, Mauer, Bruns Partner mbB","article_published_time":"2023-09-18T13:10:16+00:00","article_modified_time":"2023-09-19T14:38:46+00:00","og_image":[{"width":1500,"height":1174,"url":"https:\/\/gtl-landschaftsarchitektur.de\/wp-content\/uploads\/2023\/09\/20230915-Bildschirmfoto-2023-09-05-um-10.43.jpg","type":"image\/jpeg"}],"author":"Sabine.Gruber","twitter_card":"summary_large_image","twitter_misc":{"Written by":"Sabine.Gruber","Est. reading time":"1 minute"},"schema":{"@context":"https:\/\/schema.org","@graph":[{"@type":"Article","@id":"https:\/\/gtl-landschaftsarchitektur.de\/en\/09-2023-competition\/#article","isPartOf":{"@id":"https:\/\/gtl-landschaftsarchitektur.de\/en\/09-2023-competition\/"},"author":{"name":"Sabine.Gruber","@id":"https:\/\/gtl-landschaftsarchitektur.de\/#\/schema\/person\/7395f091e8a392c1ecf75778ac54394a"},"headline":"09 | 2023 COMPETITION","datePublished":"2023-09-18T13:10:16+00:00","dateModified":"2023-09-19T14:38:46+00:00","mainEntityOfPage":{"@id":"https:\/\/gtl-landschaftsarchitektur.de\/en\/09-2023-competition\/"},"wordCount":112,"publisher":{"@id":"https:\/\/gtl-landschaftsarchitektur.de\/#organization"},"image":{"@id":"https:\/\/gtl-landschaftsarchitektur.de\/en\/09-2023-competition\/#primaryimage"},"thumbnailUrl":"https:\/\/gtl-landschaftsarchitektur.de\/wp-content\/uploads\/2023\/09\/20230915-Bildschirmfoto-2023-09-05-um-10.43.jpg","articleSection":["news"],"inLanguage":"en-US"},{"@type":"WebPage","@id":"https:\/\/gtl-landschaftsarchitektur.de\/en\/09-2023-competition\/","url":"https:\/\/gtl-landschaftsarchitektur.de\/en\/09-2023-competition\/","name":"09 | 2023 COMPETITION - GTL Landschaftsarchitektur Triebswetter, Mauer, Bruns Partner mbB","isPartOf":{"@id":"https:\/\/gtl-landschaftsarchitektur.de\/#website"},"primaryImageOfPage":{"@id":"https:\/\/gtl-landschaftsarchitektur.de\/en\/09-2023-competition\/#primaryimage"},"image":{"@id":"https:\/\/gtl-landschaftsarchitektur.de\/en\/09-2023-competition\/#primaryimage"},"thumbnailUrl":"https:\/\/gtl-landschaftsarchitektur.de\/wp-content\/uploads\/2023\/09\/20230915-Bildschirmfoto-2023-09-05-um-10.43.jpg","datePublished":"2023-09-18T13:10:16+00:00","dateModified":"2023-09-19T14:38:46+00:00","breadcrumb":{"@id":"https:\/\/gtl-landschaftsarchitektur.de\/en\/09-2023-competition\/#breadcrumb"},"inLanguage":"en-US","potentialAction":[{"@type":"ReadAction","target":["https:\/\/gtl-landschaftsarchitektur.de\/en\/09-2023-competition\/"]}]},{"@type":"ImageObject","inLanguage":"en-US","@id":"https:\/\/gtl-landschaftsarchitektur.de\/en\/09-2023-competition\/#primaryimage","url":"https:\/\/gtl-landschaftsarchitektur.de\/wp-content\/uploads\/2023\/09\/20230915-Bildschirmfoto-2023-09-05-um-10.43.jpg","contentUrl":"https:\/\/gtl-landschaftsarchitektur.de\/wp-content\/uploads\/2023\/09\/20230915-Bildschirmfoto-2023-09-05-um-10.43.jpg","width":1500,"height":1174,"caption":"\u00a9GTL"},{"@type":"BreadcrumbList","@id":"https:\/\/gtl-landschaftsarchitektur.de\/en\/09-2023-competition\/#breadcrumb","itemListElement":[{"@type":"ListItem","position":1,"name":"Startseite","item":"https:\/\/gtl-landschaftsarchitektur.de\/en\/"},{"@type":"ListItem","position":2,"name":"09 | 2023 COMPETITION"}]},{"@type":"WebSite","@id":"https:\/\/gtl-landschaftsarchitektur.de\/#website","url":"https:\/\/gtl-landschaftsarchitektur.de\/","name":"GTL-Michael Triebswetter","description":"St\u00e4dtebauliche Planung, repr\u00e4sentative Au\u00dfenanlagen an Verwaltungsbauten, Wohnumfeldverbesserung in Gro\u00dfsiedlungen, Gestaltung von innerst\u00e4dtischen Projekten","publisher":{"@id":"https:\/\/gtl-landschaftsarchitektur.de\/#organization"},"potentialAction":[{"@type":"SearchAction","target":{"@type":"EntryPoint","urlTemplate":"https:\/\/gtl-landschaftsarchitektur.de\/?s={search_term_string}"},"query-input":{"@type":"PropertyValueSpecification","valueRequired":true,"valueName":"search_term_string"}}],"inLanguage":"en-US"},{"@type":"Organization","@id":"https:\/\/gtl-landschaftsarchitektur.de\/#organization","name":"Gtl Landschaftsarchitektur","url":"https:\/\/gtl-landschaftsarchitektur.de\/","logo":{"@type":"ImageObject","inLanguage":"en-US","@id":"https:\/\/gtl-landschaftsarchitektur.de\/#\/schema\/logo\/image\/","url":"https:\/\/gtl-landschaftsarchitektur.de\/wp-content\/uploads\/2017\/09\/logo-gtl.png","contentUrl":"https:\/\/gtl-landschaftsarchitektur.de\/wp-content\/uploads\/2017\/09\/logo-gtl.png","width":185,"height":119,"caption":"Gtl Landschaftsarchitektur"},"image":{"@id":"https:\/\/gtl-landschaftsarchitektur.de\/#\/schema\/logo\/image\/"}},{"@type":"Person","@id":"https:\/\/gtl-landschaftsarchitektur.de\/#\/schema\/person\/7395f091e8a392c1ecf75778ac54394a","name":"Sabine.Gruber","image":{"@type":"ImageObject","inLanguage":"en-US","@id":"https:\/\/secure.gravatar.com\/avatar\/91b1e03a99834e34d4d9a64b6fff63240af79b7fa1af4d69e02d02df325dd826?s=96&d=mm&r=g","url":"https:\/\/secure.gravatar.com\/avatar\/91b1e03a99834e34d4d9a64b6fff63240af79b7fa1af4d69e02d02df325dd826?s=96&d=mm&r=g","contentUrl":"https:\/\/secure.gravatar.com\/avatar\/91b1e03a99834e34d4d9a64b6fff63240af79b7fa1af4d69e02d02df325dd826?s=96&d=mm&r=g","caption":"Sabine.Gruber"},"url":"https:\/\/gtl-landschaftsarchitektur.de\/en\/author\/sabine-gruber\/"}]}},"_links":{"self":[{"href":"https:\/\/gtl-landschaftsarchitektur.de\/en\/wp-json\/wp\/v2\/posts\/11047","targetHints":{"allow":["GET"]}}],"collection":[{"href":"https:\/\/gtl-landschaftsarchitektur.de\/en\/wp-json\/wp\/v2\/posts"}],"about":[{"href":"https:\/\/gtl-landschaftsarchitektur.de\/en\/wp-json\/wp\/v2\/types\/post"}],"author":[{"embeddable":true,"href":"https:\/\/gtl-landschaftsarchitektur.de\/en\/wp-json\/wp\/v2\/users\/5"}],"replies":[{"embeddable":true,"href":"https:\/\/gtl-landschaftsarchitektur.de\/en\/wp-json\/wp\/v2\/comments?post=11047"}],"version-history":[{"count":3,"href":"https:\/\/gtl-landschaftsarchitektur.de\/en\/wp-json\/wp\/v2\/posts\/11047\/revisions"}],"predecessor-version":[{"id":11087,"href":"https:\/\/gtl-landschaftsarchitektur.de\/en\/wp-json\/wp\/v2\/posts\/11047\/revisions\/11087"}],"wp:featuredmedia":[{"embeddable":true,"href":"https:\/\/gtl-landschaftsarchitektur.de\/en\/wp-json\/wp\/v2\/media\/11049"}],"wp:attachment":[{"href":"https:\/\/gtl-landschaftsarchitektur.de\/en\/wp-json\/wp\/v2\/media?parent=11047"}],"wp:term":[{"taxonomy":"category","embeddable":true,"href":"https:\/\/gtl-landschaftsarchitektur.de\/en\/wp-json\/wp\/v2\/categories?post=11047"},{"taxonomy":"post_tag","embeddable":true,"href":"https:\/\/gtl-landschaftsarchitektur.de\/en\/wp-json\/wp\/v2\/tags?post=11047"}],"curies":[{"name":"wp","href":"https:\/\/api.w.org\/{rel}","templated":true}]}}